{"id":424,"date":"2020-12-27T19:01:38","date_gmt":"2020-12-27T19:01:38","guid":{"rendered":"http:\/\/antoniofontoura.com.br\/site\/?p=424"},"modified":"2023-08-05T22:00:42","modified_gmt":"2023-08-05T22:00:42","slug":"o-segundo-depoimento-de-filipa-de-sousa-na-prisao","status":"publish","type":"post","link":"https:\/\/antoniofontoura.com.br\/site\/2020\/12\/27\/o-segundo-depoimento-de-filipa-de-sousa-na-prisao\/","title":{"rendered":"O segundo depoimento de Filipa de Sousa na pris\u00e3o"},"content":{"rendered":"<p>Se desejar adquirir a obra <strong>O processo de Filipa de Sousa<\/strong>, clique na capa do livro.<\/p>\n<p><a href=\"https:\/\/www.amazon.com.br\/dp\/B085DX5N2B\"><img decoding=\"async\" loading=\"lazy\" class=\"alignnone size-medium wp-image-404 aligncenter\" src=\"https:\/\/antoniofontoura.com.br\/site\/wp-content\/uploads\/2021\/08\/filipa-capinha-211x300.jpg\" alt=\"\" width=\"211\" height=\"300\" srcset=\"https:\/\/antoniofontoura.com.br\/site\/wp-content\/uploads\/2021\/08\/filipa-capinha-211x300.jpg 211w, https:\/\/antoniofontoura.com.br\/site\/wp-content\/uploads\/2021\/08\/filipa-capinha-106x150.jpg 106w, https:\/\/antoniofontoura.com.br\/site\/wp-content\/uploads\/2021\/08\/filipa-capinha.jpg 231w\" sizes=\"(max-width: 211px) 100vw, 211px\" \/><\/a><\/p>\n<h4 style=\"text-align: center;\"><a href=\"https:\/\/www.amazon.com.br\/dp\/B085DX5N2B\">Adquira o Ebook<\/a><\/h4>\n<hr \/>\n<p>Filipa de Sousa, presa em Salvador pela Inquisi\u00e7\u00e3o em fins do s\u00e9culo XVI acusada do &#8220;nefando pecado da sodomia&#8221;, e que seria condenada ao a\u00e7oite e ao degredo por seus amores com outras mulheres da cidade, prestou v\u00e1rios depoimentos \u00e0 Inquisi\u00e7\u00e3o. O depoimento que vai reproduzido a seguir \u00e9 o segundo que ela d\u00e1 ao Inquisidor Heitor Furtado de Mendon\u00e7a quando j\u00e1 estava presa na cadeia da Igreja (que n\u00e3o era a mesma que a cadeia utilizada para os crimes comuns).<\/p>\n<p>Os trechos em it\u00e1lico s\u00e3o do organizador da obra.<\/p>\n<hr \/>\n<p style=\"padding-left: 30px;\"><em>Cinco dias ap\u00f3s o primeiro interrogat\u00f3rio, Filipa \u00e9 conduzida novamente diante do Inquisidor. Neste momento, afirmaria que n\u00e3o havia mais nada a adicionar a sua confiss\u00e3o, ent\u00e3o resume-se a falar sobre sua fam\u00edlia. N\u00e3o fala sobre sua viuvez \u2013 essa informa\u00e7\u00e3o \u00e9 dada apenas por Paula de Sequeira, em seu depoimento. \u00c9 aqui que se descobre, tamb\u00e9m, sua profiss\u00e3o, e o fato de n\u00e3o ter filhos.<\/em><\/p>\n<p>[\u00c0 margem:] 2\u00aa sess\u00e3o.<\/p>\n<p>Aos dois dias do m\u00eas de Janeiro de mil e quinhentos e noventa e dois anos, nesta cidade do Salvador, Capitania da Bahia de Todos os Santos, nas casas da morada do senhor visitador do Santo Of\u00edcio Heitor Furtado de Mendon\u00e7a, perante ele mandou outra vez a esta mesa Filipa de Sousa, R\u00e9 presa, contendo nestes autos, a qual recebeu juramento dos santos evangelhos em que p\u00f4s sua m\u00e3o direita, sob cargo do qual prometeu dizer em tudo verdade.<\/p>\n<p>E foi logo admoestada pelo senhor visitador que confesse todas suas culpas inteiramente e fale verdade. E por dizer que n\u00e3o tem mais que dizer que o que dito tem, disse de sua genealogia: que \u00e9 natural de Tavira, do Algarve, filha de Manoel de Sousa e de sua mulher, Mor Gon\u00e7alves, crist\u00e3os velhos, defuntos; de idade de trinta e cinco anos, pouco mais ou menos; casada com Francisco Pires, pedreiro, e moradora nesta cidade. N\u00e3o sabe os nomes, nem conhece av\u00f3s, tios, nem irm\u00e3os; nem tem filhos. E ganha sua vida pela agulha.<\/p>\n<p>E perguntada pela doutrina Crist\u00e3, benzeu-se e persignou-se; e disse os credos e os mandamentos e as mais ora\u00e7\u00f5es.<\/p>\n<p>E disse que n\u00e3o veio fazer esta confiss\u00e3o no tempo da gra\u00e7a, enganada do que lhe disse o dito confessor Ant\u00f4nio Velasques. E foi-lhe respondido pelo senhor visitador que, sem embargo do dito confessor lhe dizer o sobredito, que contudo era ela obrigada a vir diz\u00ea-lo a esta mesa, porque no monit\u00f3rio geral se declarou logo que, sem embargo de haver quem dissesse que n\u00e3o era alguma pessoa obrigada a vir a esta mesa, contudo viesse, porque nela se lhe declararia a verdade.<\/p>\n<p>E ela R\u00e9 pediu-lhe mandasse fazer estes autos conclusos e despachasse com miseric\u00f3rdia.<\/p>\n<p>E assinou com o senhor visitador; Manoel Francisco, Not\u00e1rio do Santo Of\u00edcio, nesta visita\u00e7\u00e3o o escrevi.<\/p>\n<p>Heitor Furtado de Mendon\u00e7a<\/p>\n<p>Filipa de Sousa.<\/p>\n<hr \/>\n<p><em>Gostou do trecho? Adquira a obra!<\/em><\/p>\n<p><a href=\"https:\/\/www.amazon.com.br\/dp\/B085DX5N2B\"><img decoding=\"async\" loading=\"lazy\" class=\"alignnone size-medium wp-image-404 aligncenter\" src=\"https:\/\/antoniofontoura.com.br\/site\/wp-content\/uploads\/2021\/08\/filipa-capinha-211x300.jpg\" alt=\"\" width=\"211\" height=\"300\" srcset=\"https:\/\/antoniofontoura.com.br\/site\/wp-content\/uploads\/2021\/08\/filipa-capinha-211x300.jpg 211w, https:\/\/antoniofontoura.com.br\/site\/wp-content\/uploads\/2021\/08\/filipa-capinha-106x150.jpg 106w, https:\/\/antoniofontoura.com.br\/site\/wp-content\/uploads\/2021\/08\/filipa-capinha.jpg 231w\" sizes=\"(max-width: 211px) 100vw, 211px\" \/><\/a><\/p>\n<h4 style=\"text-align: center;\"><a href=\"https:\/\/www.amazon.com.br\/dp\/B085DX5N2B\">Adquira o Ebook<\/a><\/h4>\n<p>&nbsp;<\/p>\n","protected":false},"excerpt":{"rendered":"<p>Se desejar adquirir a obra O processo de Filipa de Sousa, clique na capa do livro. Adquira o Ebook Filipa de Sousa, presa em Salvador pela Inquisi\u00e7\u00e3o em fins do s\u00e9culo XVI acusada do &#8220;nefando pecado da sodomia&#8221;, e que seria condenada ao a\u00e7oite e ao degredo por seus amores\u2026<\/p>\n<p class=\"continue-reading-button\"> <a class=\"continue-reading-link\" href=\"https:\/\/antoniofontoura.com.br\/site\/2020\/12\/27\/o-segundo-depoimento-de-filipa-de-sousa-na-prisao\/\">Leia mais<i class=\"crycon-right-dir\"><\/i><\/a><\/p>\n","protected":false},"author":1,"featured_media":404,"comment_status":"closed","ping_status":"closed","sticky":false,"template":"","format":"standard","meta":[],"categories":[5,10],"tags":[],"_links":{"self":[{"href":"https:\/\/antoniofontoura.com.br\/site\/wp-json\/wp\/v2\/posts\/424"}],"collection":[{"href":"https:\/\/antoniofontoura.com.br\/site\/wp-json\/wp\/v2\/posts"}],"about":[{"href":"https:\/\/antoniofontoura.com.br\/site\/wp-json\/wp\/v2\/types\/post"}],"author":[{"embeddable":true,"href":"https:\/\/antoniofontoura.com.br\/site\/wp-json\/wp\/v2\/users\/1"}],"replies":[{"embeddable":true,"href":"https:\/\/antoniofontoura.com.br\/site\/wp-json\/wp\/v2\/comments?post=424"}],"version-history":[{"count":1,"href":"https:\/\/antoniofontoura.com.br\/site\/wp-json\/wp\/v2\/posts\/424\/revisions"}],"predecessor-version":[{"id":666,"href":"https:\/\/antoniofontoura.com.br\/site\/wp-json\/wp\/v2\/posts\/424\/revisions\/666"}],"wp:featuredmedia":[{"embeddable":true,"href":"https:\/\/antoniofontoura.com.br\/site\/wp-json\/wp\/v2\/media\/404"}],"wp:attachment":[{"href":"https:\/\/antoniofontoura.com.br\/site\/wp-json\/wp\/v2\/media?parent=424"}],"wp:term":[{"taxonomy":"category","embeddable":true,"href":"https:\/\/antoniofontoura.com.br\/site\/wp-json\/wp\/v2\/categories?post=424"},{"taxonomy":"post_tag","embeddable":true,"href":"https:\/\/antoniofontoura.com.br\/site\/wp-json\/wp\/v2\/tags?post=424"}],"curies":[{"name":"wp","href":"https:\/\/api.w.org\/{rel}","templated":true}]}}