{"id":438,"date":"2020-07-11T19:34:43","date_gmt":"2020-07-11T19:34:43","guid":{"rendered":"http:\/\/antoniofontoura.com.br\/site\/?p=438"},"modified":"2023-08-31T14:24:30","modified_gmt":"2023-08-31T14:24:30","slug":"prefacio-da-obra-a-historia-contra-os-pagaos-de-paulo-orosio","status":"publish","type":"post","link":"https:\/\/antoniofontoura.com.br\/site\/2020\/07\/11\/prefacio-da-obra-a-historia-contra-os-pagaos-de-paulo-orosio\/","title":{"rendered":"Pref\u00e1cio da obra &#8220;A Hist\u00f3ria contra os Pag\u00e3os&#8221; de Paulo Or\u00f3sio"},"content":{"rendered":"\n<p>Se desejar adquirir a obra &#8220;<strong><a href=\"http:\/\/antoniofontoura.com.br\/site\/principais-obras\/a-historia-contra-os-pagaos\/\">A Hist\u00f3ria contra os Pag\u00e3os<\/a><\/strong>&#8220;, clique na capa abaixo.<\/p>\n\n\n<div class=\"wp-block-image\">\n<figure class=\"aligncenter size-full\"><a href=\"https:\/\/antoniofontoura.com.br\/site\/principais-obras\/a-historia-contra-os-pagaos\/\"><img decoding=\"async\" loading=\"lazy\" width=\"231\" height=\"328\" src=\"https:\/\/antoniofontoura.com.br\/site\/wp-content\/uploads\/2023\/08\/orosio_capinha_nova.jpg\" alt=\"\" class=\"wp-image-686\" srcset=\"https:\/\/antoniofontoura.com.br\/site\/wp-content\/uploads\/2023\/08\/orosio_capinha_nova.jpg 231w, https:\/\/antoniofontoura.com.br\/site\/wp-content\/uploads\/2023\/08\/orosio_capinha_nova-211x300.jpg 211w, https:\/\/antoniofontoura.com.br\/site\/wp-content\/uploads\/2023\/08\/orosio_capinha_nova-106x150.jpg 106w\" sizes=\"(max-width: 231px) 100vw, 231px\" \/><\/a><\/figure><\/div>\n\n\n<p>Voc\u00ea ir\u00e1 ler, a seguir, o Pref\u00e1cio da obra. Repare como Or\u00f3sio dedica seu livro a Santo Agostinho. De fato, o argumento de seu livro busca comprovar os argumentos que Agostinho apresentou em seu &#8220;A Cidade de Deus&#8221;: o desenrolar da hist\u00f3ria seria resultado da crescente presen\u00e7a da Igreja no mundo, e portanto, da amplia\u00e7\u00e3o da felicidade terrena.<\/p>\n\n\n\n<hr class=\"wp-block-separator has-alpha-channel-opacity\"\/>\n\n\n\n<h3 class=\"wp-block-heading\">Pref\u00e1cio<\/h3>\n\n\n\n<p>Tenho obedecido \u00e0s suas instru\u00e7\u00f5es, aben\u00e7oado Agostinho, e minha obra pode corresponder \u00e0s minhas boas inten\u00e7\u00f5es. N\u00e3o estou certo, no entanto, de que tenha feito bem o trabalho. Voc\u00ea, de fato, j\u00e1 assumiu o fardo de julgar se eu seria capaz de fazer o que voc\u00ea pediu, mas estou contente com a evid\u00eancia da pr\u00f3pria obedi\u00eancia, caso eu tenha realmente feito justi\u00e7a a essa obedi\u00eancia por minha vontade e meu esfor\u00e7o. Assim, em uma grande e espa\u00e7osa propriedade familiar, muitos animais diferentes s\u00e3o capazes de ajudar no trabalho da propriedade, mas o cuidado com os c\u00e3es possui particular import\u00e2ncia. Apenas estes animais s\u00e3o t\u00e3o dotados pela natureza de forma que podem ser instigados instintivamente a fazer as coisas nas quais s\u00e3o treinados; atrav\u00e9s de algum esp\u00edrito inato de obedi\u00eancia, s\u00e3o mantidos sob controle apenas pelo medo de certas puni\u00e7\u00f5es, at\u00e9 o momento em que lhes for dada permiss\u00e3o, por palavra ou sinal, para fazerem o que desejarem. Na verdade, possuem qualidades peculiares pr\u00f3prias, t\u00e3o superiores \u00e0s dos brutos, que se aproximam dos seres humanos, isto \u00e9, eles distinguem, amam e servem. Quando distinguem entre mestres e estranhos, n\u00e3o odeiam realmente os estranhos a quem atacam, mas s\u00e3o zelosos por seus mestres a quem amam; em seu apego ao seu mestre e lar, eles vigiam, n\u00e3o porque sejam t\u00e3o naturalmente dispostos, mas porque s\u00e3o inspirados por um amor cheio de ansiedade. Assim, de acordo com a revela\u00e7\u00e3o m\u00edstica nos Evangelhos, a mulher de Cana\u00e3 n\u00e3o se envergonhava de mencionar, nem nosso Senhor desdenhou ouvir, que os c\u00e3ezinhos estavam comendo as migalhas sob a mesa de seu mestre. Tampouco o aben\u00e7oado Tobias, seguindo a orienta\u00e7\u00e3o de um anjo, desprezava ter um cachorro como companheiro. Portanto, uma vez que o amor que todos t\u00eam por voc\u00ea \u00e9, no meu caso, unido por um amor especial, obedeci voluntariamente a seu desejo. Meu humilde eu deve tudo o que realizei a seu conselho paternal, e todo o meu trabalho \u00e9 seu, porque ele procede de voc\u00ea e retorna a voc\u00ea, de modo que minha \u00fanica contribui\u00e7\u00e3o deve ser a de que eu o fiz com prazer.<\/p>\n\n\n\n<p>Voc\u00ea me pediu que respondesse \u00e0 tagarelice vazia e \u00e0 perversidade daqueles que, distantes da Cidade de Deus, s\u00e3o chamados \u201cpag\u00e3os\u201d porque v\u00eam do campo e dos caminhos dos distritos rurais, ou \u201cgentios\u201d devido a seu conhecimento em assuntos terrestres. Embora essas pessoas n\u00e3o busquem o futuro e, al\u00e9m disso, n\u00e3o se esque\u00e7am ou n\u00e3o saibam nada do passado, ainda assim afirmam que os tempos atuais s\u00e3o incomumente atingidos por calamidades pela simples raz\u00e3o de que os homens acreditam em Cristo e adoram a Deus, enquanto os \u00eddolos s\u00e3o cada vez mais negligenciados. Voc\u00ea me pediu, portanto, que descobrisse, de todos os dados dispon\u00edveis em hist\u00f3rias e anais, quaisquer que fossem os eventos passados em que ocorreram os fardos da guerra, as devasta\u00e7\u00f5es das doen\u00e7as, os horrores da fome, os terremotos terr\u00edveis, as inunda\u00e7\u00f5es extraordin\u00e1rias, as terr\u00edveis destrui\u00e7\u00f5es pelo fogo, raios e tempestades de granizo, e tamb\u00e9m casos das cru\u00e9is infort\u00fanios causados por parricidas e por crimes repugnantes. Eu deveria apresent\u00e1-los sistem\u00e1tica e brevemente no decorrer de meu livro. N\u00e3o \u00e9 certo, sem d\u00favida, que sua rever\u00eancia seja incomodada por um tratado t\u00e3o insignificante quanto este, enquanto voc\u00ea busca concluir o d\u00e9cimo primeiro livro de seu trabalho contra esses mesmos pag\u00e3os. Quando seus dez livros anteriores apareceram, eles, como um farol da torre de vigia de sua alta posi\u00e7\u00e3o na Igreja, imediatamente exibiram seus raios brilhantes sobre todo o mundo. Tamb\u00e9m seu sagrado filho, Juliano de Cartago, um servo de Deus, insistiu veementemente para que eu realizasse seu pedido neste tema, de tal maneira que eu pudesse justificar sua confian\u00e7a em pedi-lo.<\/p>\n\n\n\n<p>Comecei a trabalhar e, a princ\u00edpio, me perdi, pois, \u00e0 medida que repassava repetidamente esses assuntos em minha mente, os desastres de meus tempos pareciam ter transbordado e ultrapassado todos os limites usuais. Mas agora descobri que os dias do passado n\u00e3o eram apenas t\u00e3o opressivos quanto os do presente, mas que eram mesmo ainda mais terrivelmente miser\u00e1veis, \u00e0 medida que estavam afastados do consolo da verdadeira religi\u00e3o. Minha investiga\u00e7\u00e3o revelou, como era apropriado, que a morte e a sede por derramamento de sangue prevaleceram durante as \u00e9pocas em que a religi\u00e3o que pro\u00edbe o derramamento de sangue era desconhecida; que quando a nova f\u00e9 surgiu, a velha enfraqueceu; que enquanto a velha se aproximava do fim, a nova j\u00e1 era vitoriosa; que as antigas cren\u00e7as estar\u00e3o mortas e desaparecidas quando a nova religi\u00e3o reinar sozinha. Devemos, \u00e9 claro, fazer uma exce\u00e7\u00e3o para aqueles \u00faltimos e remotos dias no fim do mundo quando o Anticristo aparecer e quando o julgamento for pronunciado, pois nestes dias haver\u00e1 ang\u00fastia como nunca houve antes, como o Senhor Cristo por Seu pr\u00f3prio testemunho previu nas Sagradas Escrituras. Naquela \u00e9poca, de acordo com esse padr\u00e3o que agora \u00e9 e sempre ser\u00e1 \u2013 sim, por um entendimento mais claro e perspicaz \u2013, os santos ser\u00e3o recompensados pelos insuport\u00e1veis sofrimentos daqueles dias e os in\u00edquos ser\u00e3o destru\u00eddos.<\/p>\n\n\n\n<hr class=\"wp-block-separator has-alpha-channel-opacity\"\/>\n\n\n\n<p>Gostou? Leia o restante da obra, adquirindo o livro: basta clicar na capa abaixo!<\/p>\n\n\n<div class=\"wp-block-image\">\n<figure class=\"aligncenter size-full\"><a href=\"https:\/\/antoniofontoura.com.br\/site\/principais-obras\/a-historia-contra-os-pagaos\/\"><img decoding=\"async\" loading=\"lazy\" width=\"231\" height=\"328\" src=\"https:\/\/antoniofontoura.com.br\/site\/wp-content\/uploads\/2023\/08\/orosio_capinha_nova.jpg\" alt=\"\" class=\"wp-image-686\" srcset=\"https:\/\/antoniofontoura.com.br\/site\/wp-content\/uploads\/2023\/08\/orosio_capinha_nova.jpg 231w, https:\/\/antoniofontoura.com.br\/site\/wp-content\/uploads\/2023\/08\/orosio_capinha_nova-211x300.jpg 211w, https:\/\/antoniofontoura.com.br\/site\/wp-content\/uploads\/2023\/08\/orosio_capinha_nova-106x150.jpg 106w\" sizes=\"(max-width: 231px) 100vw, 231px\" \/><\/a><\/figure><\/div>","protected":false},"excerpt":{"rendered":"<p>Se desejar adquirir a obra &#8220;A Hist\u00f3ria contra os Pag\u00e3os&#8220;, clique na capa abaixo. Voc\u00ea ir\u00e1 ler, a seguir, o Pref\u00e1cio da obra. Repare como Or\u00f3sio dedica seu livro a Santo Agostinho. De fato, o argumento de seu livro busca comprovar os argumentos que Agostinho apresentou em seu &#8220;A Cidade\u2026<\/p>\n<p class=\"continue-reading-button\"> <a class=\"continue-reading-link\" href=\"https:\/\/antoniofontoura.com.br\/site\/2020\/07\/11\/prefacio-da-obra-a-historia-contra-os-pagaos-de-paulo-orosio\/\">Leia mais<i class=\"crycon-right-dir\"><\/i><\/a><\/p>\n","protected":false},"author":1,"featured_media":386,"comment_status":"closed","ping_status":"closed","sticky":false,"template":"","format":"standard","meta":[],"categories":[5,17],"tags":[],"_links":{"self":[{"href":"https:\/\/antoniofontoura.com.br\/site\/wp-json\/wp\/v2\/posts\/438"}],"collection":[{"href":"https:\/\/antoniofontoura.com.br\/site\/wp-json\/wp\/v2\/posts"}],"about":[{"href":"https:\/\/antoniofontoura.com.br\/site\/wp-json\/wp\/v2\/types\/post"}],"author":[{"embeddable":true,"href":"https:\/\/antoniofontoura.com.br\/site\/wp-json\/wp\/v2\/users\/1"}],"replies":[{"embeddable":true,"href":"https:\/\/antoniofontoura.com.br\/site\/wp-json\/wp\/v2\/comments?post=438"}],"version-history":[{"count":2,"href":"https:\/\/antoniofontoura.com.br\/site\/wp-json\/wp\/v2\/posts\/438\/revisions"}],"predecessor-version":[{"id":704,"href":"https:\/\/antoniofontoura.com.br\/site\/wp-json\/wp\/v2\/posts\/438\/revisions\/704"}],"wp:featuredmedia":[{"embeddable":true,"href":"https:\/\/antoniofontoura.com.br\/site\/wp-json\/wp\/v2\/media\/386"}],"wp:attachment":[{"href":"https:\/\/antoniofontoura.com.br\/site\/wp-json\/wp\/v2\/media?parent=438"}],"wp:term":[{"taxonomy":"category","embeddable":true,"href":"https:\/\/antoniofontoura.com.br\/site\/wp-json\/wp\/v2\/categories?post=438"},{"taxonomy":"post_tag","embeddable":true,"href":"https:\/\/antoniofontoura.com.br\/site\/wp-json\/wp\/v2\/tags?post=438"}],"curies":[{"name":"wp","href":"https:\/\/api.w.org\/{rel}","templated":true}]}}