{"id":484,"date":"2021-09-11T19:47:00","date_gmt":"2021-09-11T19:47:00","guid":{"rendered":"http:\/\/antoniofontoura.com.br\/site\/?p=484"},"modified":"2022-10-15T15:54:05","modified_gmt":"2022-10-15T15:54:05","slug":"prefacio-de-terrorismo-e-comunismo-de-karl-kautsky","status":"publish","type":"post","link":"https:\/\/antoniofontoura.com.br\/site\/2021\/09\/11\/prefacio-de-terrorismo-e-comunismo-de-karl-kautsky\/","title":{"rendered":"&#8220;Pref\u00e1cio&#8221; de Terrorismo e Comunismo, de Karl Kautsky"},"content":{"rendered":"<p>O trecho a seguir foi extra\u00eddo do &#8220;Pref\u00e1cio&#8221;, da obra &#8220;Terrorismo e comunismo:\u00a0Uma contribui\u00e7\u00e3o \u00e0 hist\u00f3ria natural da revolu\u00e7\u00e3o&#8221;, de Karl Kautsky. Caso deseje adquirir a obra completa, <a href=\"http:\/\/antoniofontoura.com.br\/site\/principais-obras\/terrorismo-e-comunismo\/\">clique aqui<\/a>.<\/p>\n<hr \/>\n<h2>Pref\u00e1cio<\/h2>\n<p>O presente trabalho foi iniciado h\u00e1 cerca de um ano, mas abandonado como resultado da Revolu\u00e7\u00e3o de 9 de Novembro; pois a Revolu\u00e7\u00e3o me trouxe outras obriga\u00e7\u00f5es al\u00e9m da mera pesquisa te\u00f3rica e hist\u00f3rica. Foi apenas ap\u00f3s v\u00e1rios meses que pude retornar ao trabalho para, com interrup\u00e7\u00f5es ocasionais, trazer este livro para uma classe.<\/p>\n<p>O curso dos acontecimentos recentes n\u00e3o contribuiu para a uniformidade deste trabalho. Tornou-se mais dif\u00edcil pelo fato de, com o passar do tempo, o exame deste assunto ter, em certa medida, se deslocado. O meu ponto de partida representava o problema central do socialismo moderno, a atitude da socialdemocracia em rela\u00e7\u00e3o aos m\u00e9todos bolcheviques. Mas como o bolchevismo, por sua pr\u00f3pria vontade, se referia \u00e0 Comuna de Paris de 1871 como sendo, em certa medida, sua precursora e prot\u00f3tipo, tendo recebido a san\u00e7\u00e3o do pr\u00f3prio Marx, e como a Comuna \u00e9 pouco conhecida e compreendida pela presente gera\u00e7\u00e3o, comprometi-me a tra\u00e7ar um paralelo entre a Comuna e a Rep\u00fablica Sovi\u00e9tica.<\/p>\n<p>A fim de tornar a Comuna compreens\u00edvel, tive de me referir \u00e0 Comuna de Paris, e depois \u00e0 Revolu\u00e7\u00e3o Francesa e seu Reino de Terror. Isto me deu novos meios para outro paralelo com a Rep\u00fablica Sovi\u00e9tica; portanto, um exame da Comuna levou a um exame do Terrorismo, sua origem e consequ\u00eancias.<\/p>\n<p>Assim, h\u00e1 duas linhas de pensamento que se fundem neste livro, uma ocasionalmente afastando-se da outra. A princ\u00edpio achei isso bastante perturbador, e at\u00e9 considerei se n\u00e3o teria sido melhor dividir a obra em duas se\u00e7\u00f5es separadas, uma representando a apresenta\u00e7\u00e3o da Comuna e, outra, uma discuss\u00e3o sobre o Terrorismo. Contudo, em rela\u00e7\u00e3o ao meu ponto de partida, a Rep\u00fablica Sovi\u00e9tica est\u00e1 t\u00e3o intimamente ligada a estes dois acontecimentos da hist\u00f3ria, que me pareceu imposs\u00edvel trat\u00e1-los separadamente. Espero, portanto, que, apesar das dificuldades inerentes \u00e0 natureza dual deste livro, eu tenha conseguido preservar a uniformidade na estrutura dos pensamentos nele contidos.<\/p>\n<p>Por mais acad\u00eamicas que o leitor possa acreditar serem muitos de meus exemplos e exposi\u00e7\u00f5es, todos s\u00e3o da mais alta import\u00e2ncia pr\u00e1tica, especialmente em um momento t\u00e3o absolutamente agitado como o atual. Isto n\u00e3o significa que eu tenha adaptado, por assim dizer, a verdade \u00e0s necessidades do momento. Pelo contr\u00e1rio, sempre procurei, mesmo naqueles trechos em que me referia a um per\u00edodo passado, tratar apenas daquele lado do tema adequado a lan\u00e7ar luzes sobre o caos que nos cerca.<\/p>\n<p>Se considerarmos apenas este caos tal como existe na R\u00fassia e na Alemanha no momento presente, nossas perspectivas do momento e de nosso futuro parecem muito longe de serem animadoras. Testemunhamos um mundo afundando em ru\u00edna econ\u00f4mica e assassinatos fratricidas. Em ambos os pa\u00edses encontramos socialistas no governo agindo contra outros socialistas, com crueldade semelhante \u00e0 praticada h\u00e1 mais de meio s\u00e9culo pelos a\u00e7ougueiros de Versalhes sobre a Comuna \u2013 crueldade que, desde ent\u00e3o, tem merecido a mais louv\u00e1vel indigna\u00e7\u00e3o de todo o Proletariado Internacional.<\/p>\n<p>No entanto, as perspectivas se tornam mais animadoras assim que consideramos a Internacional. Os trabalhadores da Europa Ocidental se apresentaram. Com eles, a realiza\u00e7\u00e3o de resultados reais \u00e9 poss\u00edvel, mas apenas com m\u00e9todos mais dignos do que os praticados at\u00e9 hoje no Leste.<\/p>\n<p>Por isso, \u00e9 necess\u00e1rio que aprendam de n\u00f3s e que reconhe\u00e7am os diferentes m\u00e9todos de luta, bem como de constru\u00e7\u00e3o, por seus resultados. N\u00e3o se trata tanto de uma adula\u00e7\u00e3o cega aos m\u00e9todos da Revolu\u00e7\u00e3o at\u00e9 agora dominantes, mas da cr\u00edtica mais rigorosa que se faz necess\u00e1ria especialmente no momento atual, quando a Revolu\u00e7\u00e3o e os Partidos Socialistas est\u00e3o passando por uma crise muito dif\u00edcil, na qual diferentes m\u00e9todos competem para ganhar a primazia.<\/p>\n<p>O sucesso da Revolu\u00e7\u00e3o n\u00e3o depender\u00e1 pouco de se descobrir ou n\u00e3o os m\u00e9todos corretos para que a mensagem revolucion\u00e1ria seja levada ao Proletariado. Examinar m\u00e9todos \u00e9, neste momento, nosso maior dever. Ajudar neste exame e, assim, promover a Revolu\u00e7\u00e3o \u00e9 o objetivo do presente trabalho.<\/p>\n<p>Karl Kautsky<\/p>\n<p>Charlottenburg, Junho de 1919.<\/p>\n<hr \/>\n<p><img decoding=\"async\" loading=\"lazy\" class=\"size-full wp-image-481 aligncenter\" src=\"https:\/\/antoniofontoura.com.br\/site\/wp-content\/uploads\/2021\/11\/kautsky_capinha.jpg\" alt=\"\" width=\"231\" height=\"328\" srcset=\"https:\/\/antoniofontoura.com.br\/site\/wp-content\/uploads\/2021\/11\/kautsky_capinha.jpg 231w, https:\/\/antoniofontoura.com.br\/site\/wp-content\/uploads\/2021\/11\/kautsky_capinha-211x300.jpg 211w, https:\/\/antoniofontoura.com.br\/site\/wp-content\/uploads\/2021\/11\/kautsky_capinha-106x150.jpg 106w\" sizes=\"(max-width: 231px) 100vw, 231px\" \/><\/p>\n<h3 style=\"text-align: center;\"><strong>Clique em sua loja preferida para adquirir o livro:<\/strong><\/h3>\n<p><a href=\"https:\/\/www.americanas.com.br\/produto\/4250331873?pfm_carac=terrorismo-e-comunismo&amp;pfm_page=search&amp;pfm_pos=grid&amp;pfm_type=search_page&amp;offerId=617abebcd9fd6edeecc76f4b\"><img decoding=\"async\" loading=\"lazy\" class=\"alignnone size-full wp-image-460 aligncenter\" src=\"https:\/\/antoniofontoura.com.br\/site\/wp-content\/uploads\/2021\/11\/logo_americanas.jpg\" alt=\"\" width=\"144\" height=\"21\" \/><\/a><br \/>\n<a href=\"https:\/\/www.estantevirtual.com.br\/busca?q=terrorismo%20e%20comunismo\"><img decoding=\"async\" loading=\"lazy\" class=\"alignnone size-full wp-image-464 aligncenter\" src=\"https:\/\/antoniofontoura.com.br\/site\/wp-content\/uploads\/2021\/11\/logo_estantevirtual.jpg\" alt=\"\" width=\"70\" height=\"28\" \/><\/a><br \/>\n<a href=\"https:\/\/clubedeautores.com.br\/livro\/terrorismo-e-comunismo\"><img decoding=\"async\" loading=\"lazy\" class=\"alignnone wp-image-461 aligncenter\" src=\"https:\/\/antoniofontoura.com.br\/site\/wp-content\/uploads\/2021\/11\/logo_clubedeautores.jpg\" alt=\"\" width=\"111\" height=\"42\" \/><\/a><br \/>\n<a href=\"https:\/\/www.submarino.com.br\/produto\/4250331873?pfm_carac=terrorismo-e-comunismo&amp;pfm_page=search&amp;pfm_pos=grid&amp;pfm_type=search_page\"><img decoding=\"async\" loading=\"lazy\" class=\"alignnone size-full wp-image-463 aligncenter\" src=\"https:\/\/antoniofontoura.com.br\/site\/wp-content\/uploads\/2021\/11\/logo_submarino.jpg\" alt=\"\" width=\"87\" height=\"51\" \/><\/a><\/p>\n<p>&nbsp;<\/p>\n<h3 style=\"text-align: center;\"><a href=\"https:\/\/www.amazon.com.br\/dp\/B074FGDHDB\"><strong>Prefere a vers\u00e3o ebook? Aqduira na Amazon.<\/strong><\/a><br \/>\n<a href=\"https:\/\/www.amazon.com.br\/dp\/B09GYRMXNM\"><img decoding=\"async\" loading=\"lazy\" class=\"alignnone size-full wp-image-467\" src=\"https:\/\/antoniofontoura.com.br\/site\/wp-content\/uploads\/2021\/11\/testeamz.jpg\" alt=\"\" width=\"68\" height=\"25\" \/><\/a><\/h3>\n","protected":false},"excerpt":{"rendered":"<p>O trecho a seguir foi extra\u00eddo do &#8220;Pref\u00e1cio&#8221;, da obra &#8220;Terrorismo e comunismo:\u00a0Uma contribui\u00e7\u00e3o \u00e0 hist\u00f3ria natural da revolu\u00e7\u00e3o&#8221;, de Karl Kautsky. Caso deseje adquirir a obra completa, clique aqui. Pref\u00e1cio O presente trabalho foi iniciado h\u00e1 cerca de um ano, mas abandonado como resultado da Revolu\u00e7\u00e3o de 9 de\u2026<\/p>\n<p class=\"continue-reading-button\"> <a class=\"continue-reading-link\" href=\"https:\/\/antoniofontoura.com.br\/site\/2021\/09\/11\/prefacio-de-terrorismo-e-comunismo-de-karl-kautsky\/\">Leia mais<i class=\"crycon-right-dir\"><\/i><\/a><\/p>\n","protected":false},"author":1,"featured_media":480,"comment_status":"closed","ping_status":"closed","sticky":false,"template":"","format":"standard","meta":[],"categories":[11],"tags":[],"_links":{"self":[{"href":"https:\/\/antoniofontoura.com.br\/site\/wp-json\/wp\/v2\/posts\/484"}],"collection":[{"href":"https:\/\/antoniofontoura.com.br\/site\/wp-json\/wp\/v2\/posts"}],"about":[{"href":"https:\/\/antoniofontoura.com.br\/site\/wp-json\/wp\/v2\/types\/post"}],"author":[{"embeddable":true,"href":"https:\/\/antoniofontoura.com.br\/site\/wp-json\/wp\/v2\/users\/1"}],"replies":[{"embeddable":true,"href":"https:\/\/antoniofontoura.com.br\/site\/wp-json\/wp\/v2\/comments?post=484"}],"version-history":[{"count":1,"href":"https:\/\/antoniofontoura.com.br\/site\/wp-json\/wp\/v2\/posts\/484\/revisions"}],"predecessor-version":[{"id":521,"href":"https:\/\/antoniofontoura.com.br\/site\/wp-json\/wp\/v2\/posts\/484\/revisions\/521"}],"wp:featuredmedia":[{"embeddable":true,"href":"https:\/\/antoniofontoura.com.br\/site\/wp-json\/wp\/v2\/media\/480"}],"wp:attachment":[{"href":"https:\/\/antoniofontoura.com.br\/site\/wp-json\/wp\/v2\/media?parent=484"}],"wp:term":[{"taxonomy":"category","embeddable":true,"href":"https:\/\/antoniofontoura.com.br\/site\/wp-json\/wp\/v2\/categories?post=484"},{"taxonomy":"post_tag","embeddable":true,"href":"https:\/\/antoniofontoura.com.br\/site\/wp-json\/wp\/v2\/tags?post=484"}],"curies":[{"name":"wp","href":"https:\/\/api.w.org\/{rel}","templated":true}]}}